{"id":2838,"date":"2020-01-23T13:36:04","date_gmt":"2020-01-23T12:36:04","guid":{"rendered":"https:\/\/www.siliceysalud.es\/?p=2838"},"modified":"2020-01-23T13:37:59","modified_gmt":"2020-01-23T12:37:59","slug":"identificacion-evaluacion-y-control-de-la-exposicion-al-polvo-y-la-silice-cristalina-respirable-en-talleres-y-marmolerias","status":"publish","type":"post","link":"https:\/\/www.siliceysalud.es\/index.php\/2020\/01\/23\/identificacion-evaluacion-y-control-de-la-exposicion-al-polvo-y-la-silice-cristalina-respirable-en-talleres-y-marmolerias\/","title":{"rendered":"Identificaci\u00f3n, evaluaci\u00f3n y control de la exposici\u00f3n al polvo y la s\u00edlice cristalina respirable en talleres y marmoler\u00edas"},"content":{"rendered":"<p><em><u>De estar presente, la s\u00edlice cristalina respirable debe de incluirse en la evaluaci\u00f3n de riesgos e incluir actuaciones concretas en la planificaci\u00f3n de la actividad preventiva<\/u><\/em><\/p>\n<p>&nbsp;<\/p>\n<ul>\n<li><strong><em>Este material pretende prevenir da\u00f1os en la salud de los trabajadores.<\/em><\/strong><\/li>\n<\/ul>\n<p><strong><em>\u00a0<\/em><\/strong><\/p>\n<p><strong><em>Ceheg\u00edn, a 23 de enero de 2020<\/em><\/strong><\/p>\n<p>A trav\u00e9s del Programa de Ayuda de 2019-31 FOMENTO Y DIFUSI\u00d3N DE LA PREVENCI\u00d3N DE RIESGOS LABORALES, de la Regi\u00f3n de Murcia la <a href=\"http:\/\/marsa.es\/\">Asociaci\u00f3n de Empresarios del M\u00e1rmol y de la Piedra de la Regi\u00f3n de Murcia (MARSA)<\/a> y <a href=\"http:\/\/www.ctmarmol.es\/\">Centro Tecnol\u00f3gico del M\u00e1rmol, Piedra y Materiales &#8211; CTM<\/a>, como entidad solicitante y ejecutante, respectivamente, has elaborado un audiovisual destinado a identificar, evaluar y controlar la exposici\u00f3n al polvo y la s\u00edlice cristalina respirable en talleres y marmoler\u00edas.<\/p>\n<p>Es importante recordar que la s\u00edlice cristalina respirable en inminentes fechas ser\u00e1 incluida en el Real Decreto 665\/1997, de 12 de mayo, sobre la protecci\u00f3n de los trabajadores contra los riesgos relacionados con la exposici\u00f3n a agentes cancer\u00edgenos durante el trabajo. Este hecho va a conllevar un mayor control de la exposici\u00f3n a este agente qu\u00edmico. En cualquier caso, desde MARSA animamos a incluir en la planificaci\u00f3n de la actividad preventiva, si no se hubiera realizado hasta la fecha, las medidas incluidas en este Real Decreto y que resumimos en el audiovisual que indicamos a continuaci\u00f3n.<\/p>\n<p>Este audiovisual puede descargarse o visualizarse desde el siguiente enlace:<\/p>\n<p>Visualizaci\u00f3n: <a href=\"https:\/\/youtu.be\/NgewI1E8jhg\">https:\/\/youtu.be\/NgewI1E8jhg<\/a><\/p>\n<p><strong>\u00a0<\/strong><strong>\u00a0<\/strong><\/p>\n<p><strong>Sobre la Asociaci\u00f3n de Empresarios del M\u00e1rmol y de la Piedra de la Regi\u00f3n de Murcia (MARSA)<\/strong><\/p>\n<p><a href=\"https:\/\/marsa.es\/\">MARSA<\/a> agrupa a empresas, de la Regi\u00f3n de Murcia, cuya actividad se desarrolla en explotaciones de piedra natural, f\u00e1bricas y\/o talleres de rocas ornamentales.<\/p>\n<p>A trav\u00e9s de CLUSTER PIEDRA, MARSA est\u00e1 integrada en la Confederaci\u00f3n de Industrias Extractivas de Rocas y Minerales Industriales (COMINROC), en la Confederaci\u00f3n Espa\u00f1ola de Asociaciones de Fabricantes de Productos de Construcci\u00f3n (CEPCO) y en la Federaci\u00f3n europea e internacional de industrias de la piedra natural (EUROROC).<\/p>\n<p>MARSA es, hoy en d\u00eda, una s\u00f3lida entidad que busca crear valor para sus miembros, a la vez que se centran los esfuerzos en mejorar y hacer m\u00e1s atractiva y competitiva la gama de servicios ofrecidos a nuestras empresas asociadas.<\/p>\n<p>La representaci\u00f3n de nuestras empresas asociadas en el \u00e1mbito territorial queda acreditada por las excelentes relaciones que mantenemos con las Administraciones, materializadas en un n\u00famero muy elevado de reuniones oficiales de trabajo con Minas, Medio Ambiente, Urbanismo y Ordenaci\u00f3n del Territorio, Trabajo, etc., a todos los niveles \u2013 consejeros, directores generales, delegados provinciales, jefes de servicio y de secci\u00f3n \u2013. Fruto de este intenso trabajo, se est\u00e1n logrando m\u00faltiples avances en el entendimiento mutuo de nuestras necesidades, problemas y en la b\u00fasqueda de soluciones.<\/p>\n<p>M\u00e1s informaci\u00f3n en: <a href=\"https:\/\/marsa.es\/\">https:\/\/marsa.es\/<\/a><\/p>\n<p><strong>\u00a0<\/strong><\/p>\n<p><strong>Sobre el Departamento de Seguridad y Salud Laboral del Centro Tecnol\u00f3gico del M\u00e1rmol, Piedra y Materiales (CTM)<\/strong><\/p>\n<p>CTM en el a\u00f1o 2006 incorpor\u00f3 a sus Unidades Tecnol\u00f3gicas una nueva \u00e1rea destinada a investigar, formar, informar y asesorar sobre la mejora de las condiciones de trabajo en la industria extractiva y sectores afines, con el objetivo de ser un referente en el \u00e1mbito de la prevenci\u00f3n de riesgos laborales en el \u00e1mbito en el que trabaja esta entidad.<\/p>\n<p>Decenas de proyectos y servicios se realizan todos los a\u00f1os abordando todos los \u00e1mbitos de la prevenci\u00f3n; nos estamos refiriendo a seguridad laboral, higiene industrial, ergonom\u00eda y psicosociolog\u00eda.<\/p>\n<p>El departamento cuenta con titulados en diversas disciplinas (doctores, industriales, ingenieros de minas y una pedagoga) lo cual permite desarrollar profesionalmente proyectos y servicios desde diversos puntos de vista.<\/p>\n<p>Debido al rigor t\u00e9cnico de este departamento, los proyectos y colaboraciones se vienen realizando con el Instituto Nacional de Seguridad y Salud Laboral, Asociaciones empresariales (EUROROC, CEPCO, HISPALIT, ANEFA, MARSA, OFICEMEN, AMINER, ANEFHOP\u2026), as\u00ed como sindicatos (UGT y CCOO) y Fundaciones (FUNPRL y F. CEMA) sin olvidar a las grandes y peque\u00f1as empresas relacionadas con la industria.<\/p>\n<p>M\u00e1s informaci\u00f3n en: <a href=\"https:\/\/ctmarmol.es\/\">https:\/\/ctmarmol.es\/<\/a><\/p>\n","protected":false},"excerpt":{"rendered":"<p>De estar presente, la s\u00edlice cristalina respirable debe de incluirse  [&#8230;]<\/p>\n","protected":false},"author":2,"featured_media":0,"comment_status":"closed","ping_status":"open","sticky":false,"template":"","format":"standard","meta":{"_exactmetrics_skip_tracking":false,"_exactmetrics_sitenote_active":false,"_exactmetrics_sitenote_note":"","_exactmetrics_sitenote_category":0,"footnotes":""},"categories":[8],"tags":[17,20,19,15,14,18,12,21,13,16],"class_list":["post-2838","post","type-post","status-publish","format-standard","hentry","category-noticias","tag-cancer","tag-ctm","tag-marsa","tag-piedra","tag-polvo","tag-prl","tag-scr","tag-sensibilizacion","tag-silice","tag-silicosis"],"_links":{"self":[{"href":"https:\/\/www.siliceysalud.es\/index.php\/wp-json\/wp\/v2\/posts\/2838","targetHints":{"allow":["GET"]}}],"collection":[{"href":"https:\/\/www.siliceysalud.es\/index.php\/wp-json\/wp\/v2\/posts"}],"about":[{"href":"https:\/\/www.siliceysalud.es\/index.php\/wp-json\/wp\/v2\/types\/post"}],"author":[{"embeddable":true,"href":"https:\/\/www.siliceysalud.es\/index.php\/wp-json\/wp\/v2\/users\/2"}],"replies":[{"embeddable":true,"href":"https:\/\/www.siliceysalud.es\/index.php\/wp-json\/wp\/v2\/comments?post=2838"}],"version-history":[{"count":1,"href":"https:\/\/www.siliceysalud.es\/index.php\/wp-json\/wp\/v2\/posts\/2838\/revisions"}],"predecessor-version":[{"id":2840,"href":"https:\/\/www.siliceysalud.es\/index.php\/wp-json\/wp\/v2\/posts\/2838\/revisions\/2840"}],"wp:attachment":[{"href":"https:\/\/www.siliceysalud.es\/index.php\/wp-json\/wp\/v2\/media?parent=2838"}],"wp:term":[{"taxonomy":"category","embeddable":true,"href":"https:\/\/www.siliceysalud.es\/index.php\/wp-json\/wp\/v2\/categories?post=2838"},{"taxonomy":"post_tag","embeddable":true,"href":"https:\/\/www.siliceysalud.es\/index.php\/wp-json\/wp\/v2\/tags?post=2838"}],"curies":[{"name":"wp","href":"https:\/\/api.w.org\/{rel}","templated":true}]}}